{"id":437,"date":"2017-12-06T16:51:14","date_gmt":"2017-12-06T15:51:14","guid":{"rendered":"http:\/\/www.suc-ag.ch\/?p=437"},"modified":"2017-12-06T16:55:12","modified_gmt":"2017-12-06T15:55:12","slug":"neue-mehrwertsteuersaetze-ab-1-01-2018","status":"publish","type":"post","link":"https:\/\/www.suc-ag.ch\/index.php\/2017\/12\/06\/neue-mehrwertsteuersaetze-ab-1-01-2018\/","title":{"rendered":"Neue Mehrwertsteuers\u00e4tze ab 1.01.2018"},"content":{"rendered":"<p>Ende 2017 l\u00e4uft die Zusatzfinanzierung der IV durch die MWST um 0,4 MWST-Prozentpunkte aus. Gleichzeitig erh\u00f6hen sich per 1. Januar 2018 die MWST-S\u00e4tze um 0,1 Prozentpunkte aufgrund der Finanzierung des Ausbaus der Bahninfrastruktur (FABI). Aus diesem Grund, ver\u00e4ndern sich die MWST-S\u00e4tze ab 1. Januar 2018 wie folgt:<\/p>\n<div class=\"mod mod-table\">\n<table class=\" table table-bordered\" border=\"1\" summary=\"\" width=\"100%\" cellspacing=\"0\" cellpadding=\"1\" data-cols=\"4\">\n<thead>\n<tr role=\"columnheader\">\n<th width=\"40%\"><\/th>\n<th valign=\"top\" width=\"20%\"><b>Normalsatz<\/b><\/th>\n<th valign=\"top\" width=\"20%\"><b>Sondersatz Beherbergung<\/b><\/th>\n<th width=\"20%\"><b>Reduzierter Satz<\/b><\/th>\n<\/tr>\n<\/thead>\n<tbody>\n<tr>\n<td>Aktuelle Steuers\u00e4tze<\/td>\n<td>8.0 %<\/td>\n<td>3.8 %<\/td>\n<td>2.5 %<\/td>\n<\/tr>\n<tr>\n<td>&#8211; Auslaufende IV-Zusatzfinanzierung 31.12.2017<\/td>\n<td>-0.4 %<\/td>\n<td>-0.2 %<\/td>\n<td>-0.1 %<\/td>\n<\/tr>\n<tr>\n<td>+ Steuererh\u00f6hung FABI 01.01.2018-31.12.2030<\/td>\n<td>0.1 %<\/td>\n<td>0.1 %<\/td>\n<td>0.1 %<\/td>\n<\/tr>\n<\/tbody>\n<tfoot>\n<tr>\n<td>Neue Steuers\u00e4tze ab 01.01.2018<\/td>\n<td>7.7 %<\/td>\n<td>3.7 %<\/td>\n<td>2.5 %<\/td>\n<\/tr>\n<\/tfoot>\n<\/table>\n<\/div>\n<p><strong><em>Beispiele f\u00fcr das Anwenden des Steuersatzes:<\/em><\/strong><\/p>\n<p>Dienstleistungen<\/p>\n<p>Massgebend bei Dienstleitungen ist der Zeitpunkt der erbrachten Dienstleistung.<\/p>\n<p>Beispiel a)<\/p>\n<p>Verrechnung einer Wartungspauschale im Dezember 2017 f\u00fcr das Jahr 2018.<\/p>\n<p>Der massgebende Satz ist 7.7%, da die Dienstleistung im 2018 erbracht wird.<\/p>\n<p>Beispiel b)<\/p>\n<p>Verrechnung im Januar 2018 f\u00fcr eine Dienstleistung die im Dezember 2017 erbracht wurde.<\/p>\n<p>Der massgebende Satz ist 8.0%, da die DL im Dezember erfolgte.<\/p>\n<p>Es muss also beim Fakturieren m\u00f6glich sein, das Datum der Leistung zu erfassen.<\/p>\n<p><img loading=\"lazy\" decoding=\"async\" class=\"alignnone size-full wp-image-449\" src=\"http:\/\/www.suc-ag.ch\/wp-content\/uploads\/2017\/12\/IMG_0346.WS_.jpg\" alt=\"\" width=\"971\" height=\"435\" srcset=\"https:\/\/www.suc-ag.ch\/wp-content\/uploads\/2017\/12\/IMG_0346.WS_.jpg 971w, https:\/\/www.suc-ag.ch\/wp-content\/uploads\/2017\/12\/IMG_0346.WS_-300x134.jpg 300w, https:\/\/www.suc-ag.ch\/wp-content\/uploads\/2017\/12\/IMG_0346.WS_-768x344.jpg 768w\" sizes=\"auto, (max-width: 971px) 100vw, 971px\" \/><\/p>\n<p>Beim Erfassen der Rechnung in der Kreditorenbuchhaltung muss ebenfalls die M\u00f6glichkeit f\u00fcr das Erfassen des MWSt-Datums vorhanden sein.<\/p>\n<p><img loading=\"lazy\" decoding=\"async\" class=\"alignnone size-full wp-image-448\" src=\"http:\/\/www.suc-ag.ch\/wp-content\/uploads\/2017\/12\/IMG_0348.WS_.jpg\" alt=\"\" width=\"727\" height=\"315\" srcset=\"https:\/\/www.suc-ag.ch\/wp-content\/uploads\/2017\/12\/IMG_0348.WS_.jpg 727w, https:\/\/www.suc-ag.ch\/wp-content\/uploads\/2017\/12\/IMG_0348.WS_-300x130.jpg 300w\" sizes=\"auto, (max-width: 727px) 100vw, 727px\" \/><\/p>\n<p>Das gleiche gilt f\u00fcr die Erfassung von Buchbelegen in der Finanzbuchhaltung.<\/p>\n<p><img loading=\"lazy\" decoding=\"async\" class=\"alignnone size-full wp-image-450\" src=\"http:\/\/www.suc-ag.ch\/wp-content\/uploads\/2017\/12\/IMG_0343.WS_.jpg\" alt=\"\" width=\"3264\" height=\"1305\" srcset=\"https:\/\/www.suc-ag.ch\/wp-content\/uploads\/2017\/12\/IMG_0343.WS_.jpg 3264w, https:\/\/www.suc-ag.ch\/wp-content\/uploads\/2017\/12\/IMG_0343.WS_-300x120.jpg 300w, https:\/\/www.suc-ag.ch\/wp-content\/uploads\/2017\/12\/IMG_0343.WS_-768x307.jpg 768w, https:\/\/www.suc-ag.ch\/wp-content\/uploads\/2017\/12\/IMG_0343.WS_-1024x409.jpg 1024w\" sizes=\"auto, (max-width: 3264px) 100vw, 3264px\" \/><\/p>\n<p>&nbsp;<\/p>\n<p>&nbsp;<\/p>\n","protected":false},"excerpt":{"rendered":"<p>Ende 2017 l\u00e4uft die Zusatzfinanzierung der IV durch die MWST um 0,4 MWST-Prozentpunkte aus. Gleichzeitig erh\u00f6hen sich per 1. Januar 2018 die MWST-S\u00e4tze um 0,1 Prozentpunkte aufgrund der Finanzierung des Ausbaus der Bahninfrastruktur (FABI). Aus diesem Grund, ver\u00e4ndern sich die<\/p>\n","protected":false},"author":1,"featured_media":0,"comment_status":"open","ping_status":"open","sticky":false,"template":"","format":"standard","meta":{"footnotes":""},"categories":[1],"tags":[],"class_list":["post-437","post","type-post","status-publish","format-standard","hentry","category-allgemein"],"_links":{"self":[{"href":"https:\/\/www.suc-ag.ch\/index.php\/wp-json\/wp\/v2\/posts\/437","targetHints":{"allow":["GET"]}}],"collection":[{"href":"https:\/\/www.suc-ag.ch\/index.php\/wp-json\/wp\/v2\/posts"}],"about":[{"href":"https:\/\/www.suc-ag.ch\/index.php\/wp-json\/wp\/v2\/types\/post"}],"author":[{"embeddable":true,"href":"https:\/\/www.suc-ag.ch\/index.php\/wp-json\/wp\/v2\/users\/1"}],"replies":[{"embeddable":true,"href":"https:\/\/www.suc-ag.ch\/index.php\/wp-json\/wp\/v2\/comments?post=437"}],"version-history":[{"count":8,"href":"https:\/\/www.suc-ag.ch\/index.php\/wp-json\/wp\/v2\/posts\/437\/revisions"}],"predecessor-version":[{"id":458,"href":"https:\/\/www.suc-ag.ch\/index.php\/wp-json\/wp\/v2\/posts\/437\/revisions\/458"}],"wp:attachment":[{"href":"https:\/\/www.suc-ag.ch\/index.php\/wp-json\/wp\/v2\/media?parent=437"}],"wp:term":[{"taxonomy":"category","embeddable":true,"href":"https:\/\/www.suc-ag.ch\/index.php\/wp-json\/wp\/v2\/categories?post=437"},{"taxonomy":"post_tag","embeddable":true,"href":"https:\/\/www.suc-ag.ch\/index.php\/wp-json\/wp\/v2\/tags?post=437"}],"curies":[{"name":"wp","href":"https:\/\/api.w.org\/{rel}","templated":true}]}}